{"id":116,"date":"2020-01-26T10:04:00","date_gmt":"2020-01-26T09:04:00","guid":{"rendered":"http:\/\/sp6pwt.pwr.edu.pl\/?p=116"},"modified":"2020-01-30T10:07:45","modified_gmt":"2020-01-30T09:07:45","slug":"pierwsza-antena-zmontowana","status":"publish","type":"post","link":"https:\/\/sp6pwt.pwr.edu.pl\/index.php\/2020\/01\/26\/pierwsza-antena-zmontowana\/","title":{"rendered":"Pierwsza antena zamontowana"},"content":{"rendered":"\n<p>2 dni trwa\u0142y prace nad przeci\u0105gni\u0119ciem kabli na dach oraz zamontowaniem anteny na pasma 2 metry i 70 centymetr\u00f3w na dachu akademika T-17. Dach jest \u015bwie\u017co po remoncie, wi\u0119c nale\u017ca\u0142o zachowa\u0107 szczeg\u00f3ln\u0105 ostro\u017cno\u015b\u0107 przy wykonywaniu przepustu kablowego w pionie technicznym, ale ca\u0142a operacja przebieg\u0142a sprawnie i co najwa\u017cniejsze &#8211; zako\u0144czy\u0142a si\u0119 sukcesem! Podzi\u0119kowania dla cz\u0142onk\u00f3w klubu bior\u0105cych udzia\u0142 w pracach: SQ8MZW, SQ9RHX, SP6TM,\u00a0SQ6IUS, SP6OM<\/p>\n\n\n\n<p>Po monta\u017cu sprawdzili\u015bmy poprawno\u015b\u0107 zestrojenia anteny i przyst\u0105pili\u015bmy do pierwszych \u0142\u0105czno\u015bci spod klubowego znaku. Mimo, \u017ce spodziewali\u015bmy si\u0119 do\u015b\u0107 dalekich zasi\u0119g\u00f3w (w ko\u0144cu akademik ma ponad 10 pi\u0119ter, a antena stoi dodatkowo na kilkumetrowym maszcie), to kilkana\u015bcie bezpo\u015brednich \u0142\u0105czno\u015bci w pa\u015bmie 2 metr\u00f3w na odleg\u0142o\u015b\u0107 150 &#8211; 200 kilometr\u00f3w z raportami 5\/9 w obie strony zawsze cieszy. A w dodatku to nie jest jeszcze nasz ostatnie s\u0142owo!&nbsp;\ud83d\ude42<\/p>\n\n\n\n<p>Dzi\u0119kujemy jeszcze raz ekipie montuj\u0105cej oraz wszystkim tym, z kt\u00f3rymi uda\u0142o si\u0119 zrobi\u0107 dzi\u015b \u0142\u0105czno\u015bci testowe.<\/p>\n\n\n\n<figure class=\"wp-block-image size-large\"><img loading=\"lazy\" decoding=\"async\" width=\"559\" height=\"745\" src=\"http:\/\/sp6pwt.pwr.edu.pl\/wp-content\/uploads\/2020\/01\/image.png\" alt=\"\" class=\"wp-image-117\" srcset=\"https:\/\/sp6pwt.pwr.edu.pl\/wp-content\/uploads\/2020\/01\/image.png 559w, https:\/\/sp6pwt.pwr.edu.pl\/wp-content\/uploads\/2020\/01\/image-225x300.png 225w\" sizes=\"auto, (max-width: 559px) 100vw, 559px\" \/><\/figure>\n\n\n\n<p>Do us\u0142yszenia, 73!<\/p>\n","protected":false},"excerpt":{"rendered":"<p>2 dni trwa\u0142y prace nad przeci\u0105gni\u0119ciem kabli na dach oraz zamontowaniem anteny na pasma 2 metry i 70 centymetr\u00f3w na dachu akademika T-17. Dach jest \u015bwie\u017co po remoncie, wi\u0119c nale\u017ca\u0142o &hellip; <\/p>\n<p class=\"link-more\"><a href=\"https:\/\/sp6pwt.pwr.edu.pl\/index.php\/2020\/01\/26\/pierwsza-antena-zmontowana\/\" class=\"more-link\">Czytaj dalej<span class=\"screen-reader-text\"> \u201ePierwsza antena zamontowana\u201d<\/span><\/a><\/p>\n","protected":false},"author":3,"featured_media":0,"comment_status":"open","ping_status":"open","sticky":false,"template":"","format":"standard","meta":{"footnotes":""},"categories":[1],"tags":[],"class_list":["post-116","post","type-post","status-publish","format-standard","hentry","category-bez-kategorii"],"_links":{"self":[{"href":"https:\/\/sp6pwt.pwr.edu.pl\/index.php\/wp-json\/wp\/v2\/posts\/116","targetHints":{"allow":["GET"]}}],"collection":[{"href":"https:\/\/sp6pwt.pwr.edu.pl\/index.php\/wp-json\/wp\/v2\/posts"}],"about":[{"href":"https:\/\/sp6pwt.pwr.edu.pl\/index.php\/wp-json\/wp\/v2\/types\/post"}],"author":[{"embeddable":true,"href":"https:\/\/sp6pwt.pwr.edu.pl\/index.php\/wp-json\/wp\/v2\/users\/3"}],"replies":[{"embeddable":true,"href":"https:\/\/sp6pwt.pwr.edu.pl\/index.php\/wp-json\/wp\/v2\/comments?post=116"}],"version-history":[{"count":3,"href":"https:\/\/sp6pwt.pwr.edu.pl\/index.php\/wp-json\/wp\/v2\/posts\/116\/revisions"}],"predecessor-version":[{"id":120,"href":"https:\/\/sp6pwt.pwr.edu.pl\/index.php\/wp-json\/wp\/v2\/posts\/116\/revisions\/120"}],"wp:attachment":[{"href":"https:\/\/sp6pwt.pwr.edu.pl\/index.php\/wp-json\/wp\/v2\/media?parent=116"}],"wp:term":[{"taxonomy":"category","embeddable":true,"href":"https:\/\/sp6pwt.pwr.edu.pl\/index.php\/wp-json\/wp\/v2\/categories?post=116"},{"taxonomy":"post_tag","embeddable":true,"href":"https:\/\/sp6pwt.pwr.edu.pl\/index.php\/wp-json\/wp\/v2\/tags?post=116"}],"curies":[{"name":"wp","href":"https:\/\/api.w.org\/{rel}","templated":true}]}}